{"id":2937,"date":"2019-04-12T04:00:44","date_gmt":"2019-04-12T04:00:44","guid":{"rendered":"https:\/\/www.thegardenofpeace.com\/?p=2937"},"modified":"2020-02-06T16:05:13","modified_gmt":"2020-02-06T16:05:13","slug":"feeling-worse-after-an-ayahuasca-ceremony","status":"publish","type":"post","link":"https:\/\/www.thegardenofpeace.com\/es\/blog\/sentirse-peor-despues-de-una-ceremonia-de-ayahuasca\/","title":{"rendered":"\u00bfSe siente peor despu\u00e9s de una Ceremonia de Ayahuasca?"},"content":{"rendered":"<p><strong>Integrando el trauma post-ceremonia... S\u00ed, existe.&nbsp;<\/strong><\/p>\n<p>Ryan era meditador, ten\u00eda experiencia con <a href=\"https:\/\/kahpi.net\/ayahuasca\/\"><strong>ayahuasca<\/strong><\/a>Por eso le sorprendi\u00f3 (no en el buen sentido) que una perturbadora ceremonia de ayahuasca le revelara que el mundo estaba vac\u00edo y carec\u00eda grotescamente de sentido. Despu\u00e9s, se sinti\u00f3 disociado e insensibilizado. Tard\u00f3 casi un a\u00f1o en recuperarse, y todav\u00eda se preguntaba qu\u00e9 hab\u00eda pasado cuando nos conocimos varios a\u00f1os despu\u00e9s. Desde entonces desconfiaba de la ayahuasca.<\/p>\n<p>La ayahuasca puede ser poderosamente terap\u00e9utica. Cada vez m\u00e1s <a href=\"https:\/\/kahpi.net\/ayahuasca\/\"><strong>investigaci\u00f3n cient\u00edfica<\/strong><\/a> est\u00e1 demostrando c\u00f3mo la ayahuasca puede ayudar a las personas a superar la depresi\u00f3n grave, la adicci\u00f3n, el duelo cr\u00f3nico y la p\u00e9rdida, entre otros problemas. La investigaci\u00f3n es paralela a la abundancia de historias en Internet de personas que obtienen diferentes tipos de curaci\u00f3n a partir de su trabajo con la infusi\u00f3n. He conocido a muchas personas que est\u00e1n profundamente agradecidas por c\u00f3mo la ayahuasca les ha ayudado a cambiar. Algunos incluso afirman, sinceramente, que les ha salvado la vida.<\/p>\n<p>Pero hay una cuesti\u00f3n espinosa en el coraz\u00f3n del camino de la ayahuasca de la que la gente suele evitar hablar. Algunas personas no se sienten mejor, sino peor, despu\u00e9s de beber la infusi\u00f3n. \u00bfQu\u00e9 debemos hacer con este hecho? En primer lugar, veamos algunos ejemplos m\u00e1s.<\/p>\n<p>Lea el resto del art\u00edculo de Kerry Moran&nbsp;<a href=\"https:\/\/kahpi.net\/after-ayahuasca-trauma-integration\/?fbclid=IwAR0GHMTjzwVR2lwc8WLCr1meW6yddN6hz9rXNPj2-VhzaU0y1eZ2A3dBQXM\"> aqu\u00ed&nbsp;<\/a><\/p>\n<p>&nbsp;<\/p>\n<p><img loading=\"lazy\" decoding=\"async\" class=\"alignnone size-medium wp-image-2909\" src=\"https:\/\/www.thegardenofpeace.com\/wp-content\/uploads\/2019\/03\/IMG_7669-300x300.jpg\" alt=\"\" width=\"300\" height=\"300\" srcset=\"https:\/\/www.thegardenofpeace.com\/wp-content\/uploads\/2019\/03\/IMG_7669-300x300.jpg 300w, https:\/\/www.thegardenofpeace.com\/wp-content\/uploads\/2019\/03\/IMG_7669-150x150.jpg 150w, https:\/\/www.thegardenofpeace.com\/wp-content\/uploads\/2019\/03\/IMG_7669-768x768.jpg 768w, https:\/\/www.thegardenofpeace.com\/wp-content\/uploads\/2019\/03\/IMG_7669-550x550.jpg 550w, https:\/\/www.thegardenofpeace.com\/wp-content\/uploads\/2019\/03\/IMG_7669-75x75.jpg 75w, https:\/\/www.thegardenofpeace.com\/wp-content\/uploads\/2019\/03\/IMG_7669-600x600.jpg 600w, https:\/\/www.thegardenofpeace.com\/wp-content\/uploads\/2019\/03\/IMG_7669-100x100.jpg 100w, https:\/\/www.thegardenofpeace.com\/wp-content\/uploads\/2019\/03\/IMG_7669.jpg 1080w\" sizes=\"auto, (max-width: 300px) 100vw, 300px\" \/><\/p>","protected":false},"excerpt":{"rendered":"<p>Integrating post-ceremony Trauma&#8230;Yes It&#8217;s a thing.&nbsp; Ryan was a meditator, experienced with ayahuasca, so it surprised him (not in a good way) when a disturbing ayahuasca ceremony revealed the world [&hellip;]<\/p>","protected":false},"author":2,"featured_media":3191,"comment_status":"open","ping_status":"open","sticky":false,"template":"","format":"standard","meta":{"pgc_meta":"","footnotes":""},"categories":[124],"tags":[],"class_list":["post-2937","post","type-post","status-publish","format-standard","has-post-thumbnail","hentry","category-integration-and-preparation"],"yoast_head":"<!-- This site is optimized with the Yoast SEO plugin v27.2 - https:\/\/yoast.com\/product\/yoast-seo-wordpress\/ -->\n<title>Feeling worse after an Ayahuasca Ceremony? - The Garden of Peace<\/title>\n<meta name=\"description\" content=\"Feeling worse after an Ayahuasca Ceremony? The Garden of Peace Integration and preparation\" \/>\n<meta name=\"robots\" content=\"index, follow, max-snippet:-1, max-image-preview:large, max-video-preview:-1\" \/>\n<link rel=\"canonical\" href=\"https:\/\/www.thegardenofpeace.com\/es\/blog\/sentirse-peor-despues-de-una-ceremonia-de-ayahuasca\/\" \/>\n<meta property=\"og:locale\" content=\"es_ES\" \/>\n<meta property=\"og:type\" content=\"article\" \/>\n<meta property=\"og:title\" content=\"Feeling worse after an Ayahuasca Ceremony? - The Garden of Peace\" \/>\n<meta property=\"og:description\" content=\"Feeling worse after an Ayahuasca Ceremony? The Garden of Peace Integration and preparation\" \/>\n<meta property=\"og:url\" content=\"https:\/\/www.thegardenofpeace.com\/es\/blog\/sentirse-peor-despues-de-una-ceremonia-de-ayahuasca\/\" \/>\n<meta property=\"og:site_name\" content=\"The Garden of Peace\" \/>\n<meta property=\"article:publisher\" content=\"https:\/\/www.facebook.com\/eljardindelapaz\/?tn-str=k%2aF\" \/>\n<meta property=\"article:published_time\" content=\"2019-04-12T04:00:44+00:00\" \/>\n<meta property=\"article:modified_time\" content=\"2020-02-06T16:05:13+00:00\" \/>\n<meta property=\"og:image\" content=\"https:\/\/www.thegardenofpeace.com\/wp-content\/uploads\/2019\/04\/hand-18599_640.jpg\" \/>\n\t<meta property=\"og:image:width\" content=\"640\" \/>\n\t<meta property=\"og:image:height\" content=\"360\" \/>\n\t<meta property=\"og:image:type\" content=\"image\/jpeg\" \/>\n<meta name=\"author\" content=\"Lara\" \/>\n<meta name=\"twitter:card\" content=\"summary_large_image\" \/>\n<meta name=\"twitter:label1\" content=\"Escrito por\" \/>\n\t<meta name=\"twitter:data1\" content=\"Lara\" \/>\n\t<meta name=\"twitter:label2\" content=\"Tiempo de lectura\" \/>\n\t<meta name=\"twitter:data2\" content=\"1 minuto\" \/>\n<script type=\"application\/ld+json\" class=\"yoast-schema-graph\">{\"@context\":\"https:\/\/schema.org\",\"@graph\":[{\"@type\":\"Article\",\"@id\":\"https:\/\/www.thegardenofpeace.com\/blog\/feeling-worse-after-an-ayahuasca-ceremony\/#article\",\"isPartOf\":{\"@id\":\"https:\/\/www.thegardenofpeace.com\/blog\/feeling-worse-after-an-ayahuasca-ceremony\/\"},\"author\":{\"name\":\"Lara\",\"@id\":\"https:\/\/www.thegardenofpeace.com\/#\/schema\/person\/1faf05ba76ba760245e2c4ae5f1d5af7\"},\"headline\":\"Feeling worse after an Ayahuasca Ceremony?\",\"datePublished\":\"2019-04-12T04:00:44+00:00\",\"dateModified\":\"2020-02-06T16:05:13+00:00\",\"mainEntityOfPage\":{\"@id\":\"https:\/\/www.thegardenofpeace.com\/blog\/feeling-worse-after-an-ayahuasca-ceremony\/\"},\"wordCount\":218,\"commentCount\":0,\"publisher\":{\"@id\":\"https:\/\/www.thegardenofpeace.com\/#organization\"},\"image\":{\"@id\":\"https:\/\/www.thegardenofpeace.com\/blog\/feeling-worse-after-an-ayahuasca-ceremony\/#primaryimage\"},\"thumbnailUrl\":\"https:\/\/www.thegardenofpeace.com\/wp-content\/uploads\/2019\/04\/hand-18599_640.jpg\",\"articleSection\":[\"Integration and preparation\"],\"inLanguage\":\"es\",\"potentialAction\":[{\"@type\":\"CommentAction\",\"name\":\"Comment\",\"target\":[\"https:\/\/www.thegardenofpeace.com\/blog\/feeling-worse-after-an-ayahuasca-ceremony\/#respond\"]}]},{\"@type\":\"WebPage\",\"@id\":\"https:\/\/www.thegardenofpeace.com\/blog\/feeling-worse-after-an-ayahuasca-ceremony\/\",\"url\":\"https:\/\/www.thegardenofpeace.com\/blog\/feeling-worse-after-an-ayahuasca-ceremony\/\",\"name\":\"Feeling worse after an Ayahuasca Ceremony? - The Garden of Peace\",\"isPartOf\":{\"@id\":\"https:\/\/www.thegardenofpeace.com\/#website\"},\"primaryImageOfPage\":{\"@id\":\"https:\/\/www.thegardenofpeace.com\/blog\/feeling-worse-after-an-ayahuasca-ceremony\/#primaryimage\"},\"image\":{\"@id\":\"https:\/\/www.thegardenofpeace.com\/blog\/feeling-worse-after-an-ayahuasca-ceremony\/#primaryimage\"},\"thumbnailUrl\":\"https:\/\/www.thegardenofpeace.com\/wp-content\/uploads\/2019\/04\/hand-18599_640.jpg\",\"datePublished\":\"2019-04-12T04:00:44+00:00\",\"dateModified\":\"2020-02-06T16:05:13+00:00\",\"description\":\"Feeling worse after an Ayahuasca Ceremony? The Garden of Peace Integration and preparation\",\"inLanguage\":\"es\",\"potentialAction\":[{\"@type\":\"ReadAction\",\"target\":[\"https:\/\/www.thegardenofpeace.com\/blog\/feeling-worse-after-an-ayahuasca-ceremony\/\"]}]},{\"@type\":\"ImageObject\",\"inLanguage\":\"es\",\"@id\":\"https:\/\/www.thegardenofpeace.com\/blog\/feeling-worse-after-an-ayahuasca-ceremony\/#primaryimage\",\"url\":\"https:\/\/www.thegardenofpeace.com\/wp-content\/uploads\/2019\/04\/hand-18599_640.jpg\",\"contentUrl\":\"https:\/\/www.thegardenofpeace.com\/wp-content\/uploads\/2019\/04\/hand-18599_640.jpg\",\"width\":640,\"height\":360,\"caption\":\"ayahuasca after ceremony\"},{\"@type\":\"WebSite\",\"@id\":\"https:\/\/www.thegardenofpeace.com\/#website\",\"url\":\"https:\/\/www.thegardenofpeace.com\/\",\"name\":\"The Garden of Peace\",\"description\":\"\",\"publisher\":{\"@id\":\"https:\/\/www.thegardenofpeace.com\/#organization\"},\"potentialAction\":[{\"@type\":\"SearchAction\",\"target\":{\"@type\":\"EntryPoint\",\"urlTemplate\":\"https:\/\/www.thegardenofpeace.com\/?s={search_term_string}\"},\"query-input\":{\"@type\":\"PropertyValueSpecification\",\"valueRequired\":true,\"valueName\":\"search_term_string\"}}],\"inLanguage\":\"es\"},{\"@type\":\"Organization\",\"@id\":\"https:\/\/www.thegardenofpeace.com\/#organization\",\"name\":\"the garden of peace\",\"url\":\"https:\/\/www.thegardenofpeace.com\/\",\"logo\":{\"@type\":\"ImageObject\",\"inLanguage\":\"es\",\"@id\":\"https:\/\/www.thegardenofpeace.com\/#\/schema\/logo\/image\/\",\"url\":\"https:\/\/www.thegardenofpeace.com\/wp-content\/uploads\/2018\/11\/header-three.png\",\"contentUrl\":\"https:\/\/www.thegardenofpeace.com\/wp-content\/uploads\/2018\/11\/header-three.png\",\"width\":558,\"height\":149,\"caption\":\"the garden of peace\"},\"image\":{\"@id\":\"https:\/\/www.thegardenofpeace.com\/#\/schema\/logo\/image\/\"},\"sameAs\":[\"https:\/\/www.facebook.com\/eljardindelapaz\/?tn-str=k*F\",\"https:\/\/www.instagram.com\/thegardenofpeace\/?hl=en\"]},{\"@type\":\"Person\",\"@id\":\"https:\/\/www.thegardenofpeace.com\/#\/schema\/person\/1faf05ba76ba760245e2c4ae5f1d5af7\",\"name\":\"Lara\",\"image\":{\"@type\":\"ImageObject\",\"inLanguage\":\"es\",\"@id\":\"https:\/\/secure.gravatar.com\/avatar\/b2dbeae700b50568ea4b83e6097a3d4065b68c6e613bbdd9603d857d5097f01c?s=96&d=mm&r=g\",\"url\":\"https:\/\/secure.gravatar.com\/avatar\/b2dbeae700b50568ea4b83e6097a3d4065b68c6e613bbdd9603d857d5097f01c?s=96&d=mm&r=g\",\"contentUrl\":\"https:\/\/secure.gravatar.com\/avatar\/b2dbeae700b50568ea4b83e6097a3d4065b68c6e613bbdd9603d857d5097f01c?s=96&d=mm&r=g\",\"caption\":\"Lara\"},\"url\":\"https:\/\/www.thegardenofpeace.com\/es\/blog\/author\/lara\/\"}]}<\/script>\n<!-- \/ Yoast SEO plugin. -->","yoast_head_json":{"title":"Feeling worse after an Ayahuasca Ceremony? - The Garden of Peace","description":"Feeling worse after an Ayahuasca Ceremony? The Garden of Peace Integration and preparation","robots":{"index":"index","follow":"follow","max-snippet":"max-snippet:-1","max-image-preview":"max-image-preview:large","max-video-preview":"max-video-preview:-1"},"canonical":"https:\/\/www.thegardenofpeace.com\/es\/blog\/sentirse-peor-despues-de-una-ceremonia-de-ayahuasca\/","og_locale":"es_ES","og_type":"article","og_title":"Feeling worse after an Ayahuasca Ceremony? - The Garden of Peace","og_description":"Feeling worse after an Ayahuasca Ceremony? The Garden of Peace Integration and preparation","og_url":"https:\/\/www.thegardenofpeace.com\/es\/blog\/sentirse-peor-despues-de-una-ceremonia-de-ayahuasca\/","og_site_name":"The Garden of Peace","article_publisher":"https:\/\/www.facebook.com\/eljardindelapaz\/?tn-str=k%2aF","article_published_time":"2019-04-12T04:00:44+00:00","article_modified_time":"2020-02-06T16:05:13+00:00","og_image":[{"width":640,"height":360,"url":"https:\/\/www.thegardenofpeace.com\/wp-content\/uploads\/2019\/04\/hand-18599_640.jpg","type":"image\/jpeg"}],"author":"Lara","twitter_card":"summary_large_image","twitter_misc":{"Escrito por":"Lara","Tiempo de lectura":"1 minuto"},"schema":{"@context":"https:\/\/schema.org","@graph":[{"@type":"Article","@id":"https:\/\/www.thegardenofpeace.com\/blog\/feeling-worse-after-an-ayahuasca-ceremony\/#article","isPartOf":{"@id":"https:\/\/www.thegardenofpeace.com\/blog\/feeling-worse-after-an-ayahuasca-ceremony\/"},"author":{"name":"Lara","@id":"https:\/\/www.thegardenofpeace.com\/#\/schema\/person\/1faf05ba76ba760245e2c4ae5f1d5af7"},"headline":"Feeling worse after an Ayahuasca Ceremony?","datePublished":"2019-04-12T04:00:44+00:00","dateModified":"2020-02-06T16:05:13+00:00","mainEntityOfPage":{"@id":"https:\/\/www.thegardenofpeace.com\/blog\/feeling-worse-after-an-ayahuasca-ceremony\/"},"wordCount":218,"commentCount":0,"publisher":{"@id":"https:\/\/www.thegardenofpeace.com\/#organization"},"image":{"@id":"https:\/\/www.thegardenofpeace.com\/blog\/feeling-worse-after-an-ayahuasca-ceremony\/#primaryimage"},"thumbnailUrl":"https:\/\/www.thegardenofpeace.com\/wp-content\/uploads\/2019\/04\/hand-18599_640.jpg","articleSection":["Integration and preparation"],"inLanguage":"es","potentialAction":[{"@type":"CommentAction","name":"Comment","target":["https:\/\/www.thegardenofpeace.com\/blog\/feeling-worse-after-an-ayahuasca-ceremony\/#respond"]}]},{"@type":"WebPage","@id":"https:\/\/www.thegardenofpeace.com\/blog\/feeling-worse-after-an-ayahuasca-ceremony\/","url":"https:\/\/www.thegardenofpeace.com\/blog\/feeling-worse-after-an-ayahuasca-ceremony\/","name":"Feeling worse after an Ayahuasca Ceremony? - The Garden of Peace","isPartOf":{"@id":"https:\/\/www.thegardenofpeace.com\/#website"},"primaryImageOfPage":{"@id":"https:\/\/www.thegardenofpeace.com\/blog\/feeling-worse-after-an-ayahuasca-ceremony\/#primaryimage"},"image":{"@id":"https:\/\/www.thegardenofpeace.com\/blog\/feeling-worse-after-an-ayahuasca-ceremony\/#primaryimage"},"thumbnailUrl":"https:\/\/www.thegardenofpeace.com\/wp-content\/uploads\/2019\/04\/hand-18599_640.jpg","datePublished":"2019-04-12T04:00:44+00:00","dateModified":"2020-02-06T16:05:13+00:00","description":"Feeling worse after an Ayahuasca Ceremony? The Garden of Peace Integration and preparation","inLanguage":"es","potentialAction":[{"@type":"ReadAction","target":["https:\/\/www.thegardenofpeace.com\/blog\/feeling-worse-after-an-ayahuasca-ceremony\/"]}]},{"@type":"ImageObject","inLanguage":"es","@id":"https:\/\/www.thegardenofpeace.com\/blog\/feeling-worse-after-an-ayahuasca-ceremony\/#primaryimage","url":"https:\/\/www.thegardenofpeace.com\/wp-content\/uploads\/2019\/04\/hand-18599_640.jpg","contentUrl":"https:\/\/www.thegardenofpeace.com\/wp-content\/uploads\/2019\/04\/hand-18599_640.jpg","width":640,"height":360,"caption":"ayahuasca after ceremony"},{"@type":"WebSite","@id":"https:\/\/www.thegardenofpeace.com\/#website","url":"https:\/\/www.thegardenofpeace.com\/","name":"The Garden of Peace","description":"","publisher":{"@id":"https:\/\/www.thegardenofpeace.com\/#organization"},"potentialAction":[{"@type":"SearchAction","target":{"@type":"EntryPoint","urlTemplate":"https:\/\/www.thegardenofpeace.com\/?s={search_term_string}"},"query-input":{"@type":"PropertyValueSpecification","valueRequired":true,"valueName":"search_term_string"}}],"inLanguage":"es"},{"@type":"Organization","@id":"https:\/\/www.thegardenofpeace.com\/#organization","name":"the garden of peace","url":"https:\/\/www.thegardenofpeace.com\/","logo":{"@type":"ImageObject","inLanguage":"es","@id":"https:\/\/www.thegardenofpeace.com\/#\/schema\/logo\/image\/","url":"https:\/\/www.thegardenofpeace.com\/wp-content\/uploads\/2018\/11\/header-three.png","contentUrl":"https:\/\/www.thegardenofpeace.com\/wp-content\/uploads\/2018\/11\/header-three.png","width":558,"height":149,"caption":"the garden of peace"},"image":{"@id":"https:\/\/www.thegardenofpeace.com\/#\/schema\/logo\/image\/"},"sameAs":["https:\/\/www.facebook.com\/eljardindelapaz\/?tn-str=k*F","https:\/\/www.instagram.com\/thegardenofpeace\/?hl=en"]},{"@type":"Person","@id":"https:\/\/www.thegardenofpeace.com\/#\/schema\/person\/1faf05ba76ba760245e2c4ae5f1d5af7","name":"Lara","image":{"@type":"ImageObject","inLanguage":"es","@id":"https:\/\/secure.gravatar.com\/avatar\/b2dbeae700b50568ea4b83e6097a3d4065b68c6e613bbdd9603d857d5097f01c?s=96&d=mm&r=g","url":"https:\/\/secure.gravatar.com\/avatar\/b2dbeae700b50568ea4b83e6097a3d4065b68c6e613bbdd9603d857d5097f01c?s=96&d=mm&r=g","contentUrl":"https:\/\/secure.gravatar.com\/avatar\/b2dbeae700b50568ea4b83e6097a3d4065b68c6e613bbdd9603d857d5097f01c?s=96&d=mm&r=g","caption":"Lara"},"url":"https:\/\/www.thegardenofpeace.com\/es\/blog\/author\/lara\/"}]}},"_links":{"self":[{"href":"https:\/\/www.thegardenofpeace.com\/es\/wp-json\/wp\/v2\/posts\/2937","targetHints":{"allow":["GET"]}}],"collection":[{"href":"https:\/\/www.thegardenofpeace.com\/es\/wp-json\/wp\/v2\/posts"}],"about":[{"href":"https:\/\/www.thegardenofpeace.com\/es\/wp-json\/wp\/v2\/types\/post"}],"author":[{"embeddable":true,"href":"https:\/\/www.thegardenofpeace.com\/es\/wp-json\/wp\/v2\/users\/2"}],"replies":[{"embeddable":true,"href":"https:\/\/www.thegardenofpeace.com\/es\/wp-json\/wp\/v2\/comments?post=2937"}],"version-history":[{"count":4,"href":"https:\/\/www.thegardenofpeace.com\/es\/wp-json\/wp\/v2\/posts\/2937\/revisions"}],"predecessor-version":[{"id":3192,"href":"https:\/\/www.thegardenofpeace.com\/es\/wp-json\/wp\/v2\/posts\/2937\/revisions\/3192"}],"wp:featuredmedia":[{"embeddable":true,"href":"https:\/\/www.thegardenofpeace.com\/es\/wp-json\/wp\/v2\/media\/3191"}],"wp:attachment":[{"href":"https:\/\/www.thegardenofpeace.com\/es\/wp-json\/wp\/v2\/media?parent=2937"}],"wp:term":[{"taxonomy":"category","embeddable":true,"href":"https:\/\/www.thegardenofpeace.com\/es\/wp-json\/wp\/v2\/categories?post=2937"},{"taxonomy":"post_tag","embeddable":true,"href":"https:\/\/www.thegardenofpeace.com\/es\/wp-json\/wp\/v2\/tags?post=2937"}],"curies":[{"name":"wp","href":"https:\/\/api.w.org\/{rel}","templated":true}]}}