{"id":233,"date":"2015-11-08T22:47:30","date_gmt":"2015-11-08T22:47:30","guid":{"rendered":"http:\/\/69.89.31.166\/~plantsp2\/?p=233"},"modified":"2019-03-04T04:45:28","modified_gmt":"2019-03-04T04:45:28","slug":"a-message-from-the-garden","status":"publish","type":"post","link":"https:\/\/www.thegardenofpeace.com\/es\/blog\/un-mensaje-del-jardin\/","title":{"rendered":"Un mensaje desde el jard\u00edn"},"content":{"rendered":"<h1>Mensaje del Jard\u00edn de la Paz<\/h1>\n<p>Un breve v\u00eddeo de introducci\u00f3n al trabajo que realizamos en El Jard\u00edn de la Paz.<\/p>\n<p><iframe loading=\"lazy\" src=\"https:\/\/www.youtube.com\/embed\/g1EOI5COlZk\" width=\"560\" height=\"315\" frameborder=\"0\" allowfullscreen=\"allowfullscreen\"><\/iframe><\/p>","protected":false},"excerpt":{"rendered":"<p>Un mensaje del Jard\u00edn de la Paz Breve v\u00eddeo de presentaci\u00f3n del trabajo que realizamos en el Jard\u00edn de la Paz.<\/p>","protected":false},"author":2,"featured_media":0,"comment_status":"closed","ping_status":"closed","sticky":false,"template":"","format":"standard","meta":{"pgc_meta":"","footnotes":""},"categories":[115],"tags":[],"class_list":["post-233","post","type-post","status-publish","format-standard","hentry","category-personal-stories-and-testimonies"],"yoast_head":"<!-- This site is optimized with the Yoast SEO plugin v27.2 - https:\/\/yoast.com\/product\/yoast-seo-wordpress\/ -->\n<title>A Message from The Garden | Blog | The Garden of Peace<\/title>\n<meta name=\"description\" content=\"A short video introduction to the work we do at The Garden of peace.\" \/>\n<meta name=\"robots\" content=\"index, follow, max-snippet:-1, max-image-preview:large, max-video-preview:-1\" \/>\n<link rel=\"canonical\" href=\"https:\/\/www.thegardenofpeace.com\/es\/blog\/un-mensaje-del-jardin\/\" \/>\n<meta property=\"og:locale\" content=\"es_ES\" \/>\n<meta property=\"og:type\" content=\"article\" \/>\n<meta property=\"og:title\" content=\"A Message from The Garden | Blog | The Garden of Peace\" \/>\n<meta property=\"og:description\" content=\"A short video introduction to the work we do at The Garden of peace.\" \/>\n<meta property=\"og:url\" content=\"https:\/\/www.thegardenofpeace.com\/es\/blog\/un-mensaje-del-jardin\/\" \/>\n<meta property=\"og:site_name\" content=\"The Garden of Peace\" \/>\n<meta property=\"article:publisher\" content=\"https:\/\/www.facebook.com\/eljardindelapaz\/?tn-str=k%2aF\" \/>\n<meta property=\"article:published_time\" content=\"2015-11-08T22:47:30+00:00\" \/>\n<meta property=\"article:modified_time\" content=\"2019-03-04T04:45:28+00:00\" \/>\n<meta name=\"author\" content=\"Lara\" \/>\n<meta name=\"twitter:card\" content=\"summary_large_image\" \/>\n<meta name=\"twitter:label1\" content=\"Escrito por\" \/>\n\t<meta name=\"twitter:data1\" content=\"Lara\" \/>\n<script type=\"application\/ld+json\" class=\"yoast-schema-graph\">{\"@context\":\"https:\/\/schema.org\",\"@graph\":[{\"@type\":\"Article\",\"@id\":\"https:\/\/www.thegardenofpeace.com\/blog\/a-message-from-the-garden\/#article\",\"isPartOf\":{\"@id\":\"https:\/\/www.thegardenofpeace.com\/blog\/a-message-from-the-garden\/\"},\"author\":{\"name\":\"Lara\",\"@id\":\"https:\/\/www.thegardenofpeace.com\/#\/schema\/person\/1faf05ba76ba760245e2c4ae5f1d5af7\"},\"headline\":\"A message from the garden\",\"datePublished\":\"2015-11-08T22:47:30+00:00\",\"dateModified\":\"2019-03-04T04:45:28+00:00\",\"mainEntityOfPage\":{\"@id\":\"https:\/\/www.thegardenofpeace.com\/blog\/a-message-from-the-garden\/\"},\"wordCount\":26,\"publisher\":{\"@id\":\"https:\/\/www.thegardenofpeace.com\/#organization\"},\"articleSection\":[\"Personal Stories and Testimonies\"],\"inLanguage\":\"es\"},{\"@type\":\"WebPage\",\"@id\":\"https:\/\/www.thegardenofpeace.com\/blog\/a-message-from-the-garden\/\",\"url\":\"https:\/\/www.thegardenofpeace.com\/blog\/a-message-from-the-garden\/\",\"name\":\"A Message from The Garden | Blog | The Garden of Peace\",\"isPartOf\":{\"@id\":\"https:\/\/www.thegardenofpeace.com\/#website\"},\"datePublished\":\"2015-11-08T22:47:30+00:00\",\"dateModified\":\"2019-03-04T04:45:28+00:00\",\"description\":\"A short video introduction to the work we do at The Garden of peace.\",\"inLanguage\":\"es\",\"potentialAction\":[{\"@type\":\"ReadAction\",\"target\":[\"https:\/\/www.thegardenofpeace.com\/blog\/a-message-from-the-garden\/\"]}]},{\"@type\":\"WebSite\",\"@id\":\"https:\/\/www.thegardenofpeace.com\/#website\",\"url\":\"https:\/\/www.thegardenofpeace.com\/\",\"name\":\"The Garden of Peace\",\"description\":\"\",\"publisher\":{\"@id\":\"https:\/\/www.thegardenofpeace.com\/#organization\"},\"potentialAction\":[{\"@type\":\"SearchAction\",\"target\":{\"@type\":\"EntryPoint\",\"urlTemplate\":\"https:\/\/www.thegardenofpeace.com\/?s={search_term_string}\"},\"query-input\":{\"@type\":\"PropertyValueSpecification\",\"valueRequired\":true,\"valueName\":\"search_term_string\"}}],\"inLanguage\":\"es\"},{\"@type\":\"Organization\",\"@id\":\"https:\/\/www.thegardenofpeace.com\/#organization\",\"name\":\"the garden of peace\",\"url\":\"https:\/\/www.thegardenofpeace.com\/\",\"logo\":{\"@type\":\"ImageObject\",\"inLanguage\":\"es\",\"@id\":\"https:\/\/www.thegardenofpeace.com\/#\/schema\/logo\/image\/\",\"url\":\"https:\/\/www.thegardenofpeace.com\/wp-content\/uploads\/2018\/11\/header-three.png\",\"contentUrl\":\"https:\/\/www.thegardenofpeace.com\/wp-content\/uploads\/2018\/11\/header-three.png\",\"width\":558,\"height\":149,\"caption\":\"the garden of peace\"},\"image\":{\"@id\":\"https:\/\/www.thegardenofpeace.com\/#\/schema\/logo\/image\/\"},\"sameAs\":[\"https:\/\/www.facebook.com\/eljardindelapaz\/?tn-str=k*F\",\"https:\/\/www.instagram.com\/thegardenofpeace\/?hl=en\"]},{\"@type\":\"Person\",\"@id\":\"https:\/\/www.thegardenofpeace.com\/#\/schema\/person\/1faf05ba76ba760245e2c4ae5f1d5af7\",\"name\":\"Lara\",\"image\":{\"@type\":\"ImageObject\",\"inLanguage\":\"es\",\"@id\":\"https:\/\/secure.gravatar.com\/avatar\/b2dbeae700b50568ea4b83e6097a3d4065b68c6e613bbdd9603d857d5097f01c?s=96&d=mm&r=g\",\"url\":\"https:\/\/secure.gravatar.com\/avatar\/b2dbeae700b50568ea4b83e6097a3d4065b68c6e613bbdd9603d857d5097f01c?s=96&d=mm&r=g\",\"contentUrl\":\"https:\/\/secure.gravatar.com\/avatar\/b2dbeae700b50568ea4b83e6097a3d4065b68c6e613bbdd9603d857d5097f01c?s=96&d=mm&r=g\",\"caption\":\"Lara\"},\"url\":\"https:\/\/www.thegardenofpeace.com\/es\/blog\/author\/lara\/\"}]}<\/script>\n<!-- \/ Yoast SEO plugin. -->","yoast_head_json":{"title":"A Message from The Garden | Blog | The Garden of Peace","description":"A short video introduction to the work we do at The Garden of peace.","robots":{"index":"index","follow":"follow","max-snippet":"max-snippet:-1","max-image-preview":"max-image-preview:large","max-video-preview":"max-video-preview:-1"},"canonical":"https:\/\/www.thegardenofpeace.com\/es\/blog\/un-mensaje-del-jardin\/","og_locale":"es_ES","og_type":"article","og_title":"A Message from The Garden | Blog | The Garden of Peace","og_description":"A short video introduction to the work we do at The Garden of peace.","og_url":"https:\/\/www.thegardenofpeace.com\/es\/blog\/un-mensaje-del-jardin\/","og_site_name":"The Garden of Peace","article_publisher":"https:\/\/www.facebook.com\/eljardindelapaz\/?tn-str=k%2aF","article_published_time":"2015-11-08T22:47:30+00:00","article_modified_time":"2019-03-04T04:45:28+00:00","author":"Lara","twitter_card":"summary_large_image","twitter_misc":{"Escrito por":"Lara"},"schema":{"@context":"https:\/\/schema.org","@graph":[{"@type":"Article","@id":"https:\/\/www.thegardenofpeace.com\/blog\/a-message-from-the-garden\/#article","isPartOf":{"@id":"https:\/\/www.thegardenofpeace.com\/blog\/a-message-from-the-garden\/"},"author":{"name":"Lara","@id":"https:\/\/www.thegardenofpeace.com\/#\/schema\/person\/1faf05ba76ba760245e2c4ae5f1d5af7"},"headline":"A message from the garden","datePublished":"2015-11-08T22:47:30+00:00","dateModified":"2019-03-04T04:45:28+00:00","mainEntityOfPage":{"@id":"https:\/\/www.thegardenofpeace.com\/blog\/a-message-from-the-garden\/"},"wordCount":26,"publisher":{"@id":"https:\/\/www.thegardenofpeace.com\/#organization"},"articleSection":["Personal Stories and Testimonies"],"inLanguage":"es"},{"@type":"WebPage","@id":"https:\/\/www.thegardenofpeace.com\/blog\/a-message-from-the-garden\/","url":"https:\/\/www.thegardenofpeace.com\/blog\/a-message-from-the-garden\/","name":"A Message from The Garden | Blog | The Garden of Peace","isPartOf":{"@id":"https:\/\/www.thegardenofpeace.com\/#website"},"datePublished":"2015-11-08T22:47:30+00:00","dateModified":"2019-03-04T04:45:28+00:00","description":"A short video introduction to the work we do at The Garden of peace.","inLanguage":"es","potentialAction":[{"@type":"ReadAction","target":["https:\/\/www.thegardenofpeace.com\/blog\/a-message-from-the-garden\/"]}]},{"@type":"WebSite","@id":"https:\/\/www.thegardenofpeace.com\/#website","url":"https:\/\/www.thegardenofpeace.com\/","name":"The Garden of Peace","description":"","publisher":{"@id":"https:\/\/www.thegardenofpeace.com\/#organization"},"potentialAction":[{"@type":"SearchAction","target":{"@type":"EntryPoint","urlTemplate":"https:\/\/www.thegardenofpeace.com\/?s={search_term_string}"},"query-input":{"@type":"PropertyValueSpecification","valueRequired":true,"valueName":"search_term_string"}}],"inLanguage":"es"},{"@type":"Organization","@id":"https:\/\/www.thegardenofpeace.com\/#organization","name":"the garden of peace","url":"https:\/\/www.thegardenofpeace.com\/","logo":{"@type":"ImageObject","inLanguage":"es","@id":"https:\/\/www.thegardenofpeace.com\/#\/schema\/logo\/image\/","url":"https:\/\/www.thegardenofpeace.com\/wp-content\/uploads\/2018\/11\/header-three.png","contentUrl":"https:\/\/www.thegardenofpeace.com\/wp-content\/uploads\/2018\/11\/header-three.png","width":558,"height":149,"caption":"the garden of peace"},"image":{"@id":"https:\/\/www.thegardenofpeace.com\/#\/schema\/logo\/image\/"},"sameAs":["https:\/\/www.facebook.com\/eljardindelapaz\/?tn-str=k*F","https:\/\/www.instagram.com\/thegardenofpeace\/?hl=en"]},{"@type":"Person","@id":"https:\/\/www.thegardenofpeace.com\/#\/schema\/person\/1faf05ba76ba760245e2c4ae5f1d5af7","name":"Lara","image":{"@type":"ImageObject","inLanguage":"es","@id":"https:\/\/secure.gravatar.com\/avatar\/b2dbeae700b50568ea4b83e6097a3d4065b68c6e613bbdd9603d857d5097f01c?s=96&d=mm&r=g","url":"https:\/\/secure.gravatar.com\/avatar\/b2dbeae700b50568ea4b83e6097a3d4065b68c6e613bbdd9603d857d5097f01c?s=96&d=mm&r=g","contentUrl":"https:\/\/secure.gravatar.com\/avatar\/b2dbeae700b50568ea4b83e6097a3d4065b68c6e613bbdd9603d857d5097f01c?s=96&d=mm&r=g","caption":"Lara"},"url":"https:\/\/www.thegardenofpeace.com\/es\/blog\/author\/lara\/"}]}},"_links":{"self":[{"href":"https:\/\/www.thegardenofpeace.com\/es\/wp-json\/wp\/v2\/posts\/233","targetHints":{"allow":["GET"]}}],"collection":[{"href":"https:\/\/www.thegardenofpeace.com\/es\/wp-json\/wp\/v2\/posts"}],"about":[{"href":"https:\/\/www.thegardenofpeace.com\/es\/wp-json\/wp\/v2\/types\/post"}],"author":[{"embeddable":true,"href":"https:\/\/www.thegardenofpeace.com\/es\/wp-json\/wp\/v2\/users\/2"}],"replies":[{"embeddable":true,"href":"https:\/\/www.thegardenofpeace.com\/es\/wp-json\/wp\/v2\/comments?post=233"}],"version-history":[{"count":6,"href":"https:\/\/www.thegardenofpeace.com\/es\/wp-json\/wp\/v2\/posts\/233\/revisions"}],"predecessor-version":[{"id":2703,"href":"https:\/\/www.thegardenofpeace.com\/es\/wp-json\/wp\/v2\/posts\/233\/revisions\/2703"}],"wp:attachment":[{"href":"https:\/\/www.thegardenofpeace.com\/es\/wp-json\/wp\/v2\/media?parent=233"}],"wp:term":[{"taxonomy":"category","embeddable":true,"href":"https:\/\/www.thegardenofpeace.com\/es\/wp-json\/wp\/v2\/categories?post=233"},{"taxonomy":"post_tag","embeddable":true,"href":"https:\/\/www.thegardenofpeace.com\/es\/wp-json\/wp\/v2\/tags?post=233"}],"curies":[{"name":"wp","href":"https:\/\/api.w.org\/{rel}","templated":true}]}}