{"id":1094,"date":"2016-01-31T22:50:15","date_gmt":"2016-01-31T22:50:15","guid":{"rendered":"http:\/\/69.89.31.166\/~plantsp2\/?p=241"},"modified":"2020-02-06T16:21:12","modified_gmt":"2020-02-06T16:21:12","slug":"interview-ashley-avery","status":"publish","type":"post","link":"https:\/\/www.thegardenofpeace.com\/es\/blog\/entrevista-ashley-avery\/","title":{"rendered":"Entrevista con Ashley Avery"},"content":{"rendered":"<h1>Entrevista con Ashley Avery<\/h1>\n<p class=\"font_8\">Ashley Avery es la fundadora y propietaria de The Garden Of Peace. Aqu\u00ed nos habla de por qu\u00e9 considera que estas plantas son importantes para nuestro planeta y nuestras comunidades y de c\u00f3mo encontramos su camino hasta aqu\u00ed.<\/p>\n<p><iframe loading=\"lazy\" src=\"https:\/\/www.youtube.com\/embed\/yiPM-cL6HJ8\" width=\"560\" height=\"315\" frameborder=\"0\" allowfullscreen=\"allowfullscreen\"><\/iframe><\/p>","protected":false},"excerpt":{"rendered":"<p>Interview with Ashley Avery Ashley Avery is the founder and owner of The Garden Of Peace. Here he discusses why he feels these plants are important for our planet and [&hellip;]<\/p>","protected":false},"author":2,"featured_media":3197,"comment_status":"closed","ping_status":"closed","sticky":false,"template":"","format":"standard","meta":{"pgc_meta":"","footnotes":""},"categories":[115],"tags":[],"class_list":["post-1094","post","type-post","status-publish","format-standard","has-post-thumbnail","hentry","category-personal-stories-and-testimonies"],"yoast_head":"<!-- This site is optimized with the Yoast SEO plugin v27.2 - https:\/\/yoast.com\/product\/yoast-seo-wordpress\/ -->\n<title>Interview with Founder Ashley Avery | Blog | The Garden of Peace<\/title>\n<meta name=\"description\" content=\"Founder, Ashley Avery discusses why he feels these plants are important for our planet and communities and how we found his way here.\" \/>\n<meta name=\"robots\" content=\"index, follow, max-snippet:-1, max-image-preview:large, max-video-preview:-1\" \/>\n<link rel=\"canonical\" href=\"https:\/\/www.thegardenofpeace.com\/es\/blog\/entrevista-ashley-avery\/\" \/>\n<meta property=\"og:locale\" content=\"es_ES\" \/>\n<meta property=\"og:type\" content=\"article\" \/>\n<meta property=\"og:title\" content=\"Interview with Founder Ashley Avery | Blog | The Garden of Peace\" \/>\n<meta property=\"og:description\" content=\"Founder, Ashley Avery discusses why he feels these plants are important for our planet and communities and how we found his way here.\" \/>\n<meta property=\"og:url\" content=\"https:\/\/www.thegardenofpeace.com\/es\/blog\/entrevista-ashley-avery\/\" \/>\n<meta property=\"og:site_name\" content=\"The Garden of Peace\" \/>\n<meta property=\"article:publisher\" content=\"https:\/\/www.facebook.com\/eljardindelapaz\/?tn-str=k%2aF\" \/>\n<meta property=\"article:published_time\" content=\"2016-01-31T22:50:15+00:00\" \/>\n<meta property=\"article:modified_time\" content=\"2020-02-06T16:21:12+00:00\" \/>\n<meta property=\"og:image\" content=\"https:\/\/www.thegardenofpeace.com\/wp-content\/uploads\/2016\/01\/DSC01621-scaled.jpg\" \/>\n\t<meta property=\"og:image:width\" content=\"2560\" \/>\n\t<meta property=\"og:image:height\" content=\"1707\" \/>\n\t<meta property=\"og:image:type\" content=\"image\/jpeg\" \/>\n<meta name=\"author\" content=\"Lara\" \/>\n<meta name=\"twitter:card\" content=\"summary_large_image\" \/>\n<meta name=\"twitter:label1\" content=\"Escrito por\" \/>\n\t<meta name=\"twitter:data1\" content=\"Lara\" \/>\n<script type=\"application\/ld+json\" class=\"yoast-schema-graph\">{\"@context\":\"https:\/\/schema.org\",\"@graph\":[{\"@type\":\"Article\",\"@id\":\"https:\/\/www.thegardenofpeace.com\/blog\/interview-ashley-avery\/#article\",\"isPartOf\":{\"@id\":\"https:\/\/www.thegardenofpeace.com\/blog\/interview-ashley-avery\/\"},\"author\":{\"name\":\"Lara\",\"@id\":\"https:\/\/www.thegardenofpeace.com\/#\/schema\/person\/1faf05ba76ba760245e2c4ae5f1d5af7\"},\"headline\":\"Interview with Ashley Avery\",\"datePublished\":\"2016-01-31T22:50:15+00:00\",\"dateModified\":\"2020-02-06T16:21:12+00:00\",\"mainEntityOfPage\":{\"@id\":\"https:\/\/www.thegardenofpeace.com\/blog\/interview-ashley-avery\/\"},\"wordCount\":43,\"publisher\":{\"@id\":\"https:\/\/www.thegardenofpeace.com\/#organization\"},\"image\":{\"@id\":\"https:\/\/www.thegardenofpeace.com\/blog\/interview-ashley-avery\/#primaryimage\"},\"thumbnailUrl\":\"https:\/\/www.thegardenofpeace.com\/wp-content\/uploads\/2016\/01\/DSC01621-scaled.jpg\",\"articleSection\":[\"Personal Stories and Testimonies\"],\"inLanguage\":\"es\"},{\"@type\":\"WebPage\",\"@id\":\"https:\/\/www.thegardenofpeace.com\/blog\/interview-ashley-avery\/\",\"url\":\"https:\/\/www.thegardenofpeace.com\/blog\/interview-ashley-avery\/\",\"name\":\"Interview with Founder Ashley Avery | Blog | The Garden of Peace\",\"isPartOf\":{\"@id\":\"https:\/\/www.thegardenofpeace.com\/#website\"},\"primaryImageOfPage\":{\"@id\":\"https:\/\/www.thegardenofpeace.com\/blog\/interview-ashley-avery\/#primaryimage\"},\"image\":{\"@id\":\"https:\/\/www.thegardenofpeace.com\/blog\/interview-ashley-avery\/#primaryimage\"},\"thumbnailUrl\":\"https:\/\/www.thegardenofpeace.com\/wp-content\/uploads\/2016\/01\/DSC01621-scaled.jpg\",\"datePublished\":\"2016-01-31T22:50:15+00:00\",\"dateModified\":\"2020-02-06T16:21:12+00:00\",\"description\":\"Founder, Ashley Avery discusses why he feels these plants are important for our planet and communities and how we found his way here.\",\"inLanguage\":\"es\",\"potentialAction\":[{\"@type\":\"ReadAction\",\"target\":[\"https:\/\/www.thegardenofpeace.com\/blog\/interview-ashley-avery\/\"]}]},{\"@type\":\"ImageObject\",\"inLanguage\":\"es\",\"@id\":\"https:\/\/www.thegardenofpeace.com\/blog\/interview-ashley-avery\/#primaryimage\",\"url\":\"https:\/\/www.thegardenofpeace.com\/wp-content\/uploads\/2016\/01\/DSC01621-scaled.jpg\",\"contentUrl\":\"https:\/\/www.thegardenofpeace.com\/wp-content\/uploads\/2016\/01\/DSC01621-scaled.jpg\",\"width\":2560,\"height\":1707,\"caption\":\"ash avery garden of peace\"},{\"@type\":\"WebSite\",\"@id\":\"https:\/\/www.thegardenofpeace.com\/#website\",\"url\":\"https:\/\/www.thegardenofpeace.com\/\",\"name\":\"The Garden of Peace\",\"description\":\"\",\"publisher\":{\"@id\":\"https:\/\/www.thegardenofpeace.com\/#organization\"},\"potentialAction\":[{\"@type\":\"SearchAction\",\"target\":{\"@type\":\"EntryPoint\",\"urlTemplate\":\"https:\/\/www.thegardenofpeace.com\/?s={search_term_string}\"},\"query-input\":{\"@type\":\"PropertyValueSpecification\",\"valueRequired\":true,\"valueName\":\"search_term_string\"}}],\"inLanguage\":\"es\"},{\"@type\":\"Organization\",\"@id\":\"https:\/\/www.thegardenofpeace.com\/#organization\",\"name\":\"the garden of peace\",\"url\":\"https:\/\/www.thegardenofpeace.com\/\",\"logo\":{\"@type\":\"ImageObject\",\"inLanguage\":\"es\",\"@id\":\"https:\/\/www.thegardenofpeace.com\/#\/schema\/logo\/image\/\",\"url\":\"https:\/\/www.thegardenofpeace.com\/wp-content\/uploads\/2018\/11\/header-three.png\",\"contentUrl\":\"https:\/\/www.thegardenofpeace.com\/wp-content\/uploads\/2018\/11\/header-three.png\",\"width\":558,\"height\":149,\"caption\":\"the garden of peace\"},\"image\":{\"@id\":\"https:\/\/www.thegardenofpeace.com\/#\/schema\/logo\/image\/\"},\"sameAs\":[\"https:\/\/www.facebook.com\/eljardindelapaz\/?tn-str=k*F\",\"https:\/\/www.instagram.com\/thegardenofpeace\/?hl=en\"]},{\"@type\":\"Person\",\"@id\":\"https:\/\/www.thegardenofpeace.com\/#\/schema\/person\/1faf05ba76ba760245e2c4ae5f1d5af7\",\"name\":\"Lara\",\"image\":{\"@type\":\"ImageObject\",\"inLanguage\":\"es\",\"@id\":\"https:\/\/secure.gravatar.com\/avatar\/b2dbeae700b50568ea4b83e6097a3d4065b68c6e613bbdd9603d857d5097f01c?s=96&d=mm&r=g\",\"url\":\"https:\/\/secure.gravatar.com\/avatar\/b2dbeae700b50568ea4b83e6097a3d4065b68c6e613bbdd9603d857d5097f01c?s=96&d=mm&r=g\",\"contentUrl\":\"https:\/\/secure.gravatar.com\/avatar\/b2dbeae700b50568ea4b83e6097a3d4065b68c6e613bbdd9603d857d5097f01c?s=96&d=mm&r=g\",\"caption\":\"Lara\"},\"url\":\"https:\/\/www.thegardenofpeace.com\/es\/blog\/author\/lara\/\"}]}<\/script>\n<!-- \/ Yoast SEO plugin. -->","yoast_head_json":{"title":"Interview with Founder Ashley Avery | Blog | The Garden of Peace","description":"Founder, Ashley Avery discusses why he feels these plants are important for our planet and communities and how we found his way here.","robots":{"index":"index","follow":"follow","max-snippet":"max-snippet:-1","max-image-preview":"max-image-preview:large","max-video-preview":"max-video-preview:-1"},"canonical":"https:\/\/www.thegardenofpeace.com\/es\/blog\/entrevista-ashley-avery\/","og_locale":"es_ES","og_type":"article","og_title":"Interview with Founder Ashley Avery | Blog | The Garden of Peace","og_description":"Founder, Ashley Avery discusses why he feels these plants are important for our planet and communities and how we found his way here.","og_url":"https:\/\/www.thegardenofpeace.com\/es\/blog\/entrevista-ashley-avery\/","og_site_name":"The Garden of Peace","article_publisher":"https:\/\/www.facebook.com\/eljardindelapaz\/?tn-str=k%2aF","article_published_time":"2016-01-31T22:50:15+00:00","article_modified_time":"2020-02-06T16:21:12+00:00","og_image":[{"width":2560,"height":1707,"url":"https:\/\/www.thegardenofpeace.com\/wp-content\/uploads\/2016\/01\/DSC01621-scaled.jpg","type":"image\/jpeg"}],"author":"Lara","twitter_card":"summary_large_image","twitter_misc":{"Escrito por":"Lara"},"schema":{"@context":"https:\/\/schema.org","@graph":[{"@type":"Article","@id":"https:\/\/www.thegardenofpeace.com\/blog\/interview-ashley-avery\/#article","isPartOf":{"@id":"https:\/\/www.thegardenofpeace.com\/blog\/interview-ashley-avery\/"},"author":{"name":"Lara","@id":"https:\/\/www.thegardenofpeace.com\/#\/schema\/person\/1faf05ba76ba760245e2c4ae5f1d5af7"},"headline":"Interview with Ashley Avery","datePublished":"2016-01-31T22:50:15+00:00","dateModified":"2020-02-06T16:21:12+00:00","mainEntityOfPage":{"@id":"https:\/\/www.thegardenofpeace.com\/blog\/interview-ashley-avery\/"},"wordCount":43,"publisher":{"@id":"https:\/\/www.thegardenofpeace.com\/#organization"},"image":{"@id":"https:\/\/www.thegardenofpeace.com\/blog\/interview-ashley-avery\/#primaryimage"},"thumbnailUrl":"https:\/\/www.thegardenofpeace.com\/wp-content\/uploads\/2016\/01\/DSC01621-scaled.jpg","articleSection":["Personal Stories and Testimonies"],"inLanguage":"es"},{"@type":"WebPage","@id":"https:\/\/www.thegardenofpeace.com\/blog\/interview-ashley-avery\/","url":"https:\/\/www.thegardenofpeace.com\/blog\/interview-ashley-avery\/","name":"Interview with Founder Ashley Avery | Blog | The Garden of Peace","isPartOf":{"@id":"https:\/\/www.thegardenofpeace.com\/#website"},"primaryImageOfPage":{"@id":"https:\/\/www.thegardenofpeace.com\/blog\/interview-ashley-avery\/#primaryimage"},"image":{"@id":"https:\/\/www.thegardenofpeace.com\/blog\/interview-ashley-avery\/#primaryimage"},"thumbnailUrl":"https:\/\/www.thegardenofpeace.com\/wp-content\/uploads\/2016\/01\/DSC01621-scaled.jpg","datePublished":"2016-01-31T22:50:15+00:00","dateModified":"2020-02-06T16:21:12+00:00","description":"Founder, Ashley Avery discusses why he feels these plants are important for our planet and communities and how we found his way here.","inLanguage":"es","potentialAction":[{"@type":"ReadAction","target":["https:\/\/www.thegardenofpeace.com\/blog\/interview-ashley-avery\/"]}]},{"@type":"ImageObject","inLanguage":"es","@id":"https:\/\/www.thegardenofpeace.com\/blog\/interview-ashley-avery\/#primaryimage","url":"https:\/\/www.thegardenofpeace.com\/wp-content\/uploads\/2016\/01\/DSC01621-scaled.jpg","contentUrl":"https:\/\/www.thegardenofpeace.com\/wp-content\/uploads\/2016\/01\/DSC01621-scaled.jpg","width":2560,"height":1707,"caption":"ash avery garden of peace"},{"@type":"WebSite","@id":"https:\/\/www.thegardenofpeace.com\/#website","url":"https:\/\/www.thegardenofpeace.com\/","name":"The Garden of Peace","description":"","publisher":{"@id":"https:\/\/www.thegardenofpeace.com\/#organization"},"potentialAction":[{"@type":"SearchAction","target":{"@type":"EntryPoint","urlTemplate":"https:\/\/www.thegardenofpeace.com\/?s={search_term_string}"},"query-input":{"@type":"PropertyValueSpecification","valueRequired":true,"valueName":"search_term_string"}}],"inLanguage":"es"},{"@type":"Organization","@id":"https:\/\/www.thegardenofpeace.com\/#organization","name":"the garden of peace","url":"https:\/\/www.thegardenofpeace.com\/","logo":{"@type":"ImageObject","inLanguage":"es","@id":"https:\/\/www.thegardenofpeace.com\/#\/schema\/logo\/image\/","url":"https:\/\/www.thegardenofpeace.com\/wp-content\/uploads\/2018\/11\/header-three.png","contentUrl":"https:\/\/www.thegardenofpeace.com\/wp-content\/uploads\/2018\/11\/header-three.png","width":558,"height":149,"caption":"the garden of peace"},"image":{"@id":"https:\/\/www.thegardenofpeace.com\/#\/schema\/logo\/image\/"},"sameAs":["https:\/\/www.facebook.com\/eljardindelapaz\/?tn-str=k*F","https:\/\/www.instagram.com\/thegardenofpeace\/?hl=en"]},{"@type":"Person","@id":"https:\/\/www.thegardenofpeace.com\/#\/schema\/person\/1faf05ba76ba760245e2c4ae5f1d5af7","name":"Lara","image":{"@type":"ImageObject","inLanguage":"es","@id":"https:\/\/secure.gravatar.com\/avatar\/b2dbeae700b50568ea4b83e6097a3d4065b68c6e613bbdd9603d857d5097f01c?s=96&d=mm&r=g","url":"https:\/\/secure.gravatar.com\/avatar\/b2dbeae700b50568ea4b83e6097a3d4065b68c6e613bbdd9603d857d5097f01c?s=96&d=mm&r=g","contentUrl":"https:\/\/secure.gravatar.com\/avatar\/b2dbeae700b50568ea4b83e6097a3d4065b68c6e613bbdd9603d857d5097f01c?s=96&d=mm&r=g","caption":"Lara"},"url":"https:\/\/www.thegardenofpeace.com\/es\/blog\/author\/lara\/"}]}},"_links":{"self":[{"href":"https:\/\/www.thegardenofpeace.com\/es\/wp-json\/wp\/v2\/posts\/1094","targetHints":{"allow":["GET"]}}],"collection":[{"href":"https:\/\/www.thegardenofpeace.com\/es\/wp-json\/wp\/v2\/posts"}],"about":[{"href":"https:\/\/www.thegardenofpeace.com\/es\/wp-json\/wp\/v2\/types\/post"}],"author":[{"embeddable":true,"href":"https:\/\/www.thegardenofpeace.com\/es\/wp-json\/wp\/v2\/users\/2"}],"replies":[{"embeddable":true,"href":"https:\/\/www.thegardenofpeace.com\/es\/wp-json\/wp\/v2\/comments?post=1094"}],"version-history":[{"count":8,"href":"https:\/\/www.thegardenofpeace.com\/es\/wp-json\/wp\/v2\/posts\/1094\/revisions"}],"predecessor-version":[{"id":3196,"href":"https:\/\/www.thegardenofpeace.com\/es\/wp-json\/wp\/v2\/posts\/1094\/revisions\/3196"}],"wp:featuredmedia":[{"embeddable":true,"href":"https:\/\/www.thegardenofpeace.com\/es\/wp-json\/wp\/v2\/media\/3197"}],"wp:attachment":[{"href":"https:\/\/www.thegardenofpeace.com\/es\/wp-json\/wp\/v2\/media?parent=1094"}],"wp:term":[{"taxonomy":"category","embeddable":true,"href":"https:\/\/www.thegardenofpeace.com\/es\/wp-json\/wp\/v2\/categories?post=1094"},{"taxonomy":"post_tag","embeddable":true,"href":"https:\/\/www.thegardenofpeace.com\/es\/wp-json\/wp\/v2\/tags?post=1094"}],"curies":[{"name":"wp","href":"https:\/\/api.w.org\/{rel}","templated":true}]}}